{"id":2893,"date":"2025-10-11T15:45:00","date_gmt":"2025-10-11T13:45:00","guid":{"rendered":"https:\/\/asedef.com\/?p=2893"},"modified":"2026-04-21T08:55:18","modified_gmt":"2026-04-21T06:55:18","slug":"journee-de-reflexion-et-dechanges-sur-la-sante-sexuelle-et-reproductive-des-jeunes-filles-a-loccasion-de-la-journee-internationale-de-la-jeune-fille-du-11-octobre-2025","status":"publish","type":"post","link":"https:\/\/asedef.com\/index.php\/2025\/10\/11\/journee-de-reflexion-et-dechanges-sur-la-sante-sexuelle-et-reproductive-des-jeunes-filles-a-loccasion-de-la-journee-internationale-de-la-jeune-fille-du-11-octobre-2025\/","title":{"rendered":"Journ\u00e9e de R\u00e9flexion et d\u2019\u00e9changes sur la sant\u00e9 sexuelle et reproductive des jeunes filles \u00e0 l\u2019occasion de la Journ\u00e9e internationale de la jeune fille du 11 Octobre 2025."},"content":{"rendered":"\n<p><\/p>\n\n\n\n<p>Association Pour l\u2019encadrement des enfants d\u00e9laiss\u00e9s handicap\u00e9s et des filles-m\u00e8res (ASEDEF)<\/p>\n\n\n\n<p>R\u00e9flexion et d\u2019\u00e9changes sur la sant\u00e9 sexuelle et reproductive des jeunes filles \u00e0 l\u2019occasion de la Journ\u00e9e internationale de la jeune fille du 11 Octobre 2025.<\/p>\n\n\n\n<p>\u00c0 l\u2019occasion de la Journ\u00e9e internationale de la jeune fille, les autorit\u00e9s municipales de la commune de Mont-Ngafula, accompagn\u00e9es de l\u2019ASEDEF ONG, ont organis\u00e9 une journ\u00e9e de r\u00e9flexion et d\u2019\u00e9changes avec les jeunes filles, ax\u00e9e sur la sant\u00e9 sexuelle et reproductive (SSR).<\/p>\n\n\n\n<p>Objectifs de l\u2019activit\u00e9<\/p>\n\n\n\n<p>Cette activit\u00e9 avait pour objectifs de :<\/p>\n\n\n\n<p>\u2022 Sensibiliser les jeunes filles sur les questions li\u00e9es \u00e0 la sant\u00e9 sexuelle et reproductive ;<\/p>\n\n\n\n<p>\u2022 Promouvoir l\u2019acc\u00e8s \u00e0 une information fiable et adapt\u00e9e \u00e0 l\u2019\u00e2ge ;<\/p>\n\n\n\n<p>\u2022 Favoriser un espace d\u2019\u00e9changes ouvert permettant aux participantes de s\u2019exprimer librement ;<\/p>\n\n\n\n<p>\u2022 Contribuer \u00e0 la protection des droits et au bien-\u00eatre des jeunes filles.<\/p>\n\n\n\n<p>D\u00e9roulement de la journ\u00e9e<\/p>\n\n\n\n<p>La journ\u00e9e a \u00e9t\u00e9 marqu\u00e9e par des s\u00e9ances d\u2019information, des \u00e9changes interactifs et des discussions ouvertes autour des th\u00e9matiques cl\u00e9s de la SSR. Les participantes ont eu l\u2019opportunit\u00e9 de poser des questions, de partager leurs pr\u00e9occupations et de mieux comprendre les enjeux li\u00e9s \u00e0 leur sant\u00e9 et \u00e0 leur avenir.<\/p>\n\n\n\n<p>Les autorit\u00e9s municipales et ASEDEF ONG ont insist\u00e9 sur l\u2019importance de l\u2019\u00e9ducation, de la pr\u00e9vention et de l\u2019accompagnement des jeunes filles afin de r\u00e9duire les risques li\u00e9s aux grossesses pr\u00e9coces, aux infections sexuellement transmissibles et aux violences bas\u00e9es sur le genre.<\/p>\n\n\n\n<p>\u00c0 l\u2019issue des \u00e9changes :<\/p>\n\n\n\n<p>\u2022 Les jeunes filles ont renforc\u00e9 leurs connaissances en mati\u00e8re de SSR ;<\/p>\n\n\n\n<p>\u2022 La n\u00e9cessit\u00e9 de multiplier ce type d\u2019activit\u00e9s de sensibilisation a \u00e9t\u00e9 soulign\u00e9e ;<\/p>\n\n\n\n<p>\u2022 Un appel a \u00e9t\u00e9 lanc\u00e9 \u00e0 l\u2019implication continue des autorit\u00e9s, des familles et des organisations de la soci\u00e9t\u00e9 civile.<\/p>\n\n\n\n<p>Cette journ\u00e9e de r\u00e9flexion et d\u2019\u00e9changes a constitu\u00e9 un moment important de sensibilisation et de mobilisation en faveur de la sant\u00e9, des droits et de l\u2019autonomisation des jeunes filles de la commune de Mont-Ngafula.<\/p>\n\n\n\n<figure class=\"wp-block-image size-large\"><img loading=\"lazy\" decoding=\"async\" width=\"1024\" height=\"683\" src=\"https:\/\/asedef.com\/wp-content\/uploads\/2026\/04\/618745900_122100878463221917_3517013211606040978_n-1024x683.jpg\" alt=\"\" class=\"wp-image-2894\" srcset=\"https:\/\/asedef.com\/wp-content\/uploads\/2026\/04\/618745900_122100878463221917_3517013211606040978_n-1024x683.jpg 1024w, https:\/\/asedef.com\/wp-content\/uploads\/2026\/04\/618745900_122100878463221917_3517013211606040978_n-300x200.jpg 300w, https:\/\/asedef.com\/wp-content\/uploads\/2026\/04\/618745900_122100878463221917_3517013211606040978_n-768x512.jpg 768w, https:\/\/asedef.com\/wp-content\/uploads\/2026\/04\/618745900_122100878463221917_3517013211606040978_n-600x400.jpg 600w, https:\/\/asedef.com\/wp-content\/uploads\/2026\/04\/618745900_122100878463221917_3517013211606040978_n.jpg 1080w\" sizes=\"auto, (max-width: 1024px) 100vw, 1024px\" \/><\/figure>\n\n\n\n<figure class=\"wp-block-gallery has-nested-images columns-default is-cropped wp-block-gallery-1 is-layout-flex wp-block-gallery-is-layout-flex\">\n<figure class=\"wp-block-image size-large\"><img loading=\"lazy\" decoding=\"async\" width=\"1024\" height=\"683\" data-id=\"2895\" src=\"https:\/\/asedef.com\/wp-content\/uploads\/2026\/04\/617603896_122100878385221917_853562711411788418_n-1024x683.jpg\" alt=\"\" class=\"wp-image-2895\" srcset=\"https:\/\/asedef.com\/wp-content\/uploads\/2026\/04\/617603896_122100878385221917_853562711411788418_n-1024x683.jpg 1024w, https:\/\/asedef.com\/wp-content\/uploads\/2026\/04\/617603896_122100878385221917_853562711411788418_n-300x200.jpg 300w, https:\/\/asedef.com\/wp-content\/uploads\/2026\/04\/617603896_122100878385221917_853562711411788418_n-768x512.jpg 768w, https:\/\/asedef.com\/wp-content\/uploads\/2026\/04\/617603896_122100878385221917_853562711411788418_n-600x400.jpg 600w, https:\/\/asedef.com\/wp-content\/uploads\/2026\/04\/617603896_122100878385221917_853562711411788418_n.jpg 1080w\" sizes=\"auto, (max-width: 1024px) 100vw, 1024px\" \/><\/figure>\n\n\n\n<figure class=\"wp-block-image size-large\"><img loading=\"lazy\" decoding=\"async\" width=\"1024\" height=\"683\" data-id=\"2896\" src=\"https:\/\/asedef.com\/wp-content\/uploads\/2026\/04\/618164389_122100878475221917_6905969870285990669_n-1024x683.jpg\" alt=\"\" class=\"wp-image-2896\" srcset=\"https:\/\/asedef.com\/wp-content\/uploads\/2026\/04\/618164389_122100878475221917_6905969870285990669_n-1024x683.jpg 1024w, https:\/\/asedef.com\/wp-content\/uploads\/2026\/04\/618164389_122100878475221917_6905969870285990669_n-300x200.jpg 300w, https:\/\/asedef.com\/wp-content\/uploads\/2026\/04\/618164389_122100878475221917_6905969870285990669_n-768x512.jpg 768w, https:\/\/asedef.com\/wp-content\/uploads\/2026\/04\/618164389_122100878475221917_6905969870285990669_n-600x400.jpg 600w, https:\/\/asedef.com\/wp-content\/uploads\/2026\/04\/618164389_122100878475221917_6905969870285990669_n.jpg 1080w\" sizes=\"auto, (max-width: 1024px) 100vw, 1024px\" \/><\/figure>\n\n\n\n<figure class=\"wp-block-image size-large\"><img loading=\"lazy\" decoding=\"async\" width=\"1024\" height=\"683\" data-id=\"2898\" src=\"https:\/\/asedef.com\/wp-content\/uploads\/2026\/04\/618240737_122100878391221917_4679072421183178961_n-1024x683.jpg\" alt=\"\" class=\"wp-image-2898\" srcset=\"https:\/\/asedef.com\/wp-content\/uploads\/2026\/04\/618240737_122100878391221917_4679072421183178961_n-1024x683.jpg 1024w, https:\/\/asedef.com\/wp-content\/uploads\/2026\/04\/618240737_122100878391221917_4679072421183178961_n-300x200.jpg 300w, https:\/\/asedef.com\/wp-content\/uploads\/2026\/04\/618240737_122100878391221917_4679072421183178961_n-768x512.jpg 768w, https:\/\/asedef.com\/wp-content\/uploads\/2026\/04\/618240737_122100878391221917_4679072421183178961_n-600x400.jpg 600w, https:\/\/asedef.com\/wp-content\/uploads\/2026\/04\/618240737_122100878391221917_4679072421183178961_n.jpg 1080w\" sizes=\"auto, (max-width: 1024px) 100vw, 1024px\" \/><\/figure>\n\n\n\n<figure class=\"wp-block-image size-large\"><img loading=\"lazy\" decoding=\"async\" width=\"1024\" height=\"683\" data-id=\"2897\" src=\"https:\/\/asedef.com\/wp-content\/uploads\/2026\/04\/618491402_122100878415221917_5633715689440374098_n-1024x683.jpg\" alt=\"\" class=\"wp-image-2897\" srcset=\"https:\/\/asedef.com\/wp-content\/uploads\/2026\/04\/618491402_122100878415221917_5633715689440374098_n-1024x683.jpg 1024w, https:\/\/asedef.com\/wp-content\/uploads\/2026\/04\/618491402_122100878415221917_5633715689440374098_n-300x200.jpg 300w, https:\/\/asedef.com\/wp-content\/uploads\/2026\/04\/618491402_122100878415221917_5633715689440374098_n-768x512.jpg 768w, https:\/\/asedef.com\/wp-content\/uploads\/2026\/04\/618491402_122100878415221917_5633715689440374098_n-600x400.jpg 600w, https:\/\/asedef.com\/wp-content\/uploads\/2026\/04\/618491402_122100878415221917_5633715689440374098_n.jpg 1080w\" sizes=\"auto, (max-width: 1024px) 100vw, 1024px\" \/><\/figure>\n<\/figure>\n","protected":false},"excerpt":{"rendered":"Association Pour l\u2019encadrement des enfants d\u00e9laiss\u00e9s handicap\u00e9s et des filles-m\u00e8res (ASEDEF) R\u00e9flexion et d\u2019\u00e9changes sur la sant\u00e9 sexuelle et reproductive des jeunes filles \u00e0 l\u2019occasion de la Journ\u00e9e internationale de &#8230;","protected":false},"author":12,"featured_media":0,"comment_status":"open","ping_status":"open","sticky":false,"template":"","format":"standard","meta":{"give_campaign_id":0,"footnotes":""},"categories":[1],"tags":[],"class_list":["post-2893","post","type-post","status-publish","format-standard","hentry","category-non-classe"],"_links":{"self":[{"href":"https:\/\/asedef.com\/index.php\/wp-json\/wp\/v2\/posts\/2893","targetHints":{"allow":["GET"]}}],"collection":[{"href":"https:\/\/asedef.com\/index.php\/wp-json\/wp\/v2\/posts"}],"about":[{"href":"https:\/\/asedef.com\/index.php\/wp-json\/wp\/v2\/types\/post"}],"author":[{"embeddable":true,"href":"https:\/\/asedef.com\/index.php\/wp-json\/wp\/v2\/users\/12"}],"replies":[{"embeddable":true,"href":"https:\/\/asedef.com\/index.php\/wp-json\/wp\/v2\/comments?post=2893"}],"version-history":[{"count":1,"href":"https:\/\/asedef.com\/index.php\/wp-json\/wp\/v2\/posts\/2893\/revisions"}],"predecessor-version":[{"id":2899,"href":"https:\/\/asedef.com\/index.php\/wp-json\/wp\/v2\/posts\/2893\/revisions\/2899"}],"wp:attachment":[{"href":"https:\/\/asedef.com\/index.php\/wp-json\/wp\/v2\/media?parent=2893"}],"wp:term":[{"taxonomy":"category","embeddable":true,"href":"https:\/\/asedef.com\/index.php\/wp-json\/wp\/v2\/categories?post=2893"},{"taxonomy":"post_tag","embeddable":true,"href":"https:\/\/asedef.com\/index.php\/wp-json\/wp\/v2\/tags?post=2893"}],"curies":[{"name":"wp","href":"https:\/\/api.w.org\/{rel}","templated":true}]}}